{"id":1398,"date":"2020-02-16T18:22:09","date_gmt":"2020-02-16T17:22:09","guid":{"rendered":"https:\/\/www.cabanart.fr\/?p=1398"},"modified":"2020-02-16T18:41:47","modified_gmt":"2020-02-16T17:41:47","slug":"cabanart-au-salon-des-artistes-regionaux-36e-edition","status":"publish","type":"post","link":"https:\/\/www.cabanart.fr\/?p=1398","title":{"rendered":"Caban&rsquo;art au Salon des Artistes R\u00e9gionaux \u2013 36e \u00e9dition"},"content":{"rendered":"<div class=\"fusion-fullwidth fullwidth-box fusion-builder-row-1 nonhundred-percent-fullwidth non-hundred-percent-height-scrolling\" style=\"background-color: rgba(36,36,36,0);background-position: center center;background-repeat: no-repeat;padding-top:0px;padding-right:0px;padding-bottom:0px;padding-left:0px;margin-bottom: 0px;margin-top: 0px;border-width: 0px 0px 0px 0px;border-color:#3e3e3e;border-style:solid;\" ><div class=\"fusion-builder-row fusion-row\"><div class=\"fusion-layout-column fusion_builder_column fusion-builder-column-0 fusion_builder_column_1_1 1_1 fusion-one-full fusion-column-first fusion-column-last fusion-animated\" style=\"margin-top:0px;margin-bottom:0px;\" data-animationType=\"bounceInLeft\" data-animationDuration=\"0.3\" data-animationOffset=\"top-into-view\"><div class=\"fusion-column-wrapper fusion-flex-column-wrapper-legacy\" style=\"background-position:left top;background-repeat:no-repeat;-webkit-background-size:cover;-moz-background-size:cover;-o-background-size:cover;background-size:cover;background-color:rgba(255,255,255,0);padding: 0px 0px 0px 0px;\"><div class=\"imageframe-align-center\"><span class=\" fusion-imageframe imageframe-glow imageframe-1 hover-type-none\" style=\"-webkit-box-shadow: 0 0 23px rgba(255,235,59,0.3);box-shadow: 0 0 23px rgba(255,235,59,0.3);max-width:300px;\"><img decoding=\"async\" width=\"565\" height=\"788\" title=\"Juvignac 2020\" src=\"https:\/\/www.cabanart.fr\/wp-content\/uploads\/2020\/02\/Juvignac-2020.png\" alt class=\"img-responsive wp-image-1400\" srcset=\"https:\/\/www.cabanart.fr\/wp-content\/uploads\/2020\/02\/Juvignac-2020-200x279.png 200w, https:\/\/www.cabanart.fr\/wp-content\/uploads\/2020\/02\/Juvignac-2020-400x558.png 400w, https:\/\/www.cabanart.fr\/wp-content\/uploads\/2020\/02\/Juvignac-2020.png 565w\" sizes=\"(max-width: 1120px) 100vw, 565px\" \/><\/span><\/div><div class=\"fusion-sep-clear\"><\/div><div class=\"fusion-separator fusion-full-width-sep\" style=\"margin-left: auto;margin-right: auto;margin-top:20px;margin-bottom:20px;width:100%;\"><div class=\"fusion-separator-border sep-single sep-solid\" style=\"border-color:#3e3e3e;border-top-width:3px;\"><\/div><\/div><div class=\"fusion-sep-clear\"><\/div><div class=\"fusion-text fusion-text-1\"><p>La 36e \u00e9dition pour le Salon des Artistes r\u00e9gionaux, qui se d\u00e9roulera pour la premi\u00e8re fois dans un espace Lionel de Brun\u00e9lis enti\u00e8rement r\u00e9nov\u00e9, mettant en valeur les propositions des 38 artistes s\u00e9lectionn\u00e9s par un jury compos\u00e9 des laur\u00e9ats de l&rsquo;ann\u00e9e 2019.<\/p>\n<p>Caban&rsquo;art sera pr\u00e9sent sur le stand 20 pour vous expliquer notre d\u00e9marche envers les artistes &#8230;<\/p>\n<p>Nous y pr\u00e9senterons Andr\u00e9 Le Corre &#8230;.<\/p>\n<p>A bient\u00f4t<\/p>\n<\/p>\n<p>Plus d&rsquo;info sur le site de la ville de Juvignac : <span style=\"color: #ff2626;\"><a href=\"https:\/\/www.juvignac.fr\/salon-des-artistes-regionaux-2020\/?fbclid=IwAR377T9L0-1Ja3eD5LvfN0VeuctChc7_1WKNga90vC9knLnXIR09i8v8j30\" target=\"_blank\" rel=\"noopener noreferrer\">ici<\/a><\/span><\/p>\n<\/div><div class=\"fusion-clearfix\"><\/div><\/div><\/div><\/div><\/div>\n","protected":false},"excerpt":{"rendered":"","protected":false},"author":1,"featured_media":1400,"comment_status":"open","ping_status":"open","sticky":false,"template":"","format":"standard","meta":{"jetpack_post_was_ever_published":false,"_jetpack_newsletter_access":"","_jetpack_dont_email_post_to_subs":false,"_jetpack_newsletter_tier_id":0,"_jetpack_memberships_contains_paywalled_content":false,"_jetpack_memberships_contains_paid_content":false,"footnotes":"","jetpack_publicize_message":"","jetpack_publicize_feature_enabled":true,"jetpack_social_post_already_shared":true,"jetpack_social_options":{"image_generator_settings":{"template":"highway","enabled":false},"version":2}},"categories":[19,16,1,17],"tags":[],"class_list":["post-1398","post","type-post","status-publish","format-standard","has-post-thumbnail","hentry","category-a-decouvrir","category-expositions","category-non-classe","category-soirees"],"jetpack_publicize_connections":[],"jetpack_featured_media_url":"https:\/\/www.cabanart.fr\/wp-content\/uploads\/2020\/02\/Juvignac-2020.png","jetpack_sharing_enabled":true,"jetpack_shortlink":"https:\/\/wp.me\/pa2w0k-my","_links":{"self":[{"href":"https:\/\/www.cabanart.fr\/index.php?rest_route=\/wp\/v2\/posts\/1398","targetHints":{"allow":["GET"]}}],"collection":[{"href":"https:\/\/www.cabanart.fr\/index.php?rest_route=\/wp\/v2\/posts"}],"about":[{"href":"https:\/\/www.cabanart.fr\/index.php?rest_route=\/wp\/v2\/types\/post"}],"author":[{"embeddable":true,"href":"https:\/\/www.cabanart.fr\/index.php?rest_route=\/wp\/v2\/users\/1"}],"replies":[{"embeddable":true,"href":"https:\/\/www.cabanart.fr\/index.php?rest_route=%2Fwp%2Fv2%2Fcomments&post=1398"}],"version-history":[{"count":10,"href":"https:\/\/www.cabanart.fr\/index.php?rest_route=\/wp\/v2\/posts\/1398\/revisions"}],"predecessor-version":[{"id":1412,"href":"https:\/\/www.cabanart.fr\/index.php?rest_route=\/wp\/v2\/posts\/1398\/revisions\/1412"}],"wp:featuredmedia":[{"embeddable":true,"href":"https:\/\/www.cabanart.fr\/index.php?rest_route=\/wp\/v2\/media\/1400"}],"wp:attachment":[{"href":"https:\/\/www.cabanart.fr\/index.php?rest_route=%2Fwp%2Fv2%2Fmedia&parent=1398"}],"wp:term":[{"taxonomy":"category","embeddable":true,"href":"https:\/\/www.cabanart.fr\/index.php?rest_route=%2Fwp%2Fv2%2Fcategories&post=1398"},{"taxonomy":"post_tag","embeddable":true,"href":"https:\/\/www.cabanart.fr\/index.php?rest_route=%2Fwp%2Fv2%2Ftags&post=1398"}],"curies":[{"name":"wp","href":"https:\/\/api.w.org\/{rel}","templated":true}]}}