{"id":176,"date":"2015-09-04T19:22:25","date_gmt":"2015-09-04T18:22:25","guid":{"rendered":"http:\/\/theme-fusion.com\/avada_demos_xml\/cafe\/?p=176"},"modified":"2015-11-01T17:17:22","modified_gmt":"2015-11-01T16:17:22","slug":"new-york-opening","status":"publish","type":"post","link":"https:\/\/www.cabanart.fr\/?p=176","title":{"rendered":"Inauguration de Caban&rsquo;Art"},"content":{"rendered":"<p>Jeudi 15 Octobre, la galerie associative Caban&rsquo;Art se lance dans l&rsquo;ar\u00e8ne et fait sa \u00ab\u00a0Toute Premi\u00e8re\u00a0\u00bb apparition dans le monde des artistes !<\/p>\n<p>La soir\u00e9e est en partenariat avec la <a href=\"http:\/\/www.frm.org\/\" target=\"_blank\">Fondation pour la Recherche M\u00e9dicale<\/a><\/p>\n<p>Des oeuvres, issues de la vente aux ench\u00e8res de juin 2015 \u00e0 l&rsquo;initiative et au profit de la FRM, sont expos\u00e9es et mises en vente \u00e0 Caban&rsquo;Art. Pour les voir en photos, cliquez <a href=\"https:\/\/www.cabanart.fr\/?page_id=920\" target=\"_blank\">ici<\/a><\/p>\n","protected":false},"excerpt":{"rendered":"<p>Jeudi 15 Octobre, la galerie associative Caban&rsquo;Art se lance dans l&rsquo;ar\u00e8ne et fait sa \u00ab\u00a0Toute Premi\u00e8re\u00a0\u00bb apparition dans le monde des artistes ! La soir\u00e9e est en partenariat avec la Fondation pour la Recherche M\u00e9dicale Des oeuvres, issues de la vente aux ench\u00e8res de juin 2015 \u00e0 l&rsquo;initiative et au profit de la FRM, sont [&hellip;]<\/p>\n","protected":false},"author":1,"featured_media":805,"comment_status":"open","ping_status":"open","sticky":false,"template":"","format":"standard","meta":{"jetpack_post_was_ever_published":false,"_jetpack_newsletter_access":"","_jetpack_dont_email_post_to_subs":false,"_jetpack_newsletter_tier_id":0,"_jetpack_memberships_contains_paywalled_content":false,"_jetpack_memberships_contains_paid_content":false,"footnotes":"","jetpack_publicize_message":"","jetpack_publicize_feature_enabled":true,"jetpack_social_post_already_shared":false,"jetpack_social_options":{"image_generator_settings":{"template":"highway","enabled":false},"version":2}},"categories":[16,17],"tags":[],"class_list":["post-176","post","type-post","status-publish","format-standard","has-post-thumbnail","hentry","category-expositions","category-soirees"],"jetpack_publicize_connections":[],"jetpack_featured_media_url":"https:\/\/www.cabanart.fr\/wp-content\/uploads\/2015\/09\/cabanartbV62-e1442175680359.png","jetpack_sharing_enabled":true,"jetpack_shortlink":"https:\/\/wp.me\/pa2w0k-2Q","_links":{"self":[{"href":"https:\/\/www.cabanart.fr\/index.php?rest_route=\/wp\/v2\/posts\/176","targetHints":{"allow":["GET"]}}],"collection":[{"href":"https:\/\/www.cabanart.fr\/index.php?rest_route=\/wp\/v2\/posts"}],"about":[{"href":"https:\/\/www.cabanart.fr\/index.php?rest_route=\/wp\/v2\/types\/post"}],"author":[{"embeddable":true,"href":"https:\/\/www.cabanart.fr\/index.php?rest_route=\/wp\/v2\/users\/1"}],"replies":[{"embeddable":true,"href":"https:\/\/www.cabanart.fr\/index.php?rest_route=%2Fwp%2Fv2%2Fcomments&post=176"}],"version-history":[{"count":9,"href":"https:\/\/www.cabanart.fr\/index.php?rest_route=\/wp\/v2\/posts\/176\/revisions"}],"predecessor-version":[{"id":1011,"href":"https:\/\/www.cabanart.fr\/index.php?rest_route=\/wp\/v2\/posts\/176\/revisions\/1011"}],"wp:featuredmedia":[{"embeddable":true,"href":"https:\/\/www.cabanart.fr\/index.php?rest_route=\/wp\/v2\/media\/805"}],"wp:attachment":[{"href":"https:\/\/www.cabanart.fr\/index.php?rest_route=%2Fwp%2Fv2%2Fmedia&parent=176"}],"wp:term":[{"taxonomy":"category","embeddable":true,"href":"https:\/\/www.cabanart.fr\/index.php?rest_route=%2Fwp%2Fv2%2Fcategories&post=176"},{"taxonomy":"post_tag","embeddable":true,"href":"https:\/\/www.cabanart.fr\/index.php?rest_route=%2Fwp%2Fv2%2Ftags&post=176"}],"curies":[{"name":"wp","href":"https:\/\/api.w.org\/{rel}","templated":true}]}}